{"id":2028,"date":"2022-03-03T21:17:23","date_gmt":"2022-03-03T21:17:23","guid":{"rendered":"https:\/\/luisapacheco.pt\/sewing-and-shoemaking-exhibition-areas-in-the-exhibition-doing\/"},"modified":"2024-06-17T20:26:31","modified_gmt":"2024-06-17T19:26:31","slug":"costura-e-sapatos-areas-expositivas-na-exposicao-doing","status":"publish","type":"post","link":"https:\/\/luisapacheco.pt\/pt-pt\/design-de-museus-e-exposicoes\/costura-e-sapatos-areas-expositivas-na-exposicao-doing\/","title":{"rendered":"COSTURA e SAPATOS &#8211; areas expositivas na exposi\u00e7\u00e3o D\u00d2ING"},"content":{"rendered":"<ul>\n<li>Cenografia e Design\u00a0&#8211;\u00a0Atelier Zer0<\/li>\n<li>Coordena\u00e7\u00e3o e conte\u00fados\u00a0&#8211;\u00a0Pavilh\u00e3o do Conhecimento<\/li>\n<li>Produ\u00e7\u00e3o\u00a0&#8211;\u00a0Eurostand<\/li>\n<\/ul>\n","protected":false},"excerpt":{"rendered":"<p>Cenografia e Design\u00a0&#8211;\u00a0Atelier Zer0 Coordena\u00e7\u00e3o e conte\u00fados\u00a0&#8211;\u00a0Pavilh\u00e3o do Conhecimento Produ\u00e7\u00e3o\u00a0&#8211;\u00a0Eurostand<\/p>\n","protected":false},"author":1,"featured_media":1758,"comment_status":"closed","ping_status":"open","sticky":false,"template":"","format":"standard","meta":{"_acf_changed":false,"footnotes":""},"categories":[19],"tags":[],"class_list":["post-2028","post","type-post","status-publish","format-standard","has-post-thumbnail","hentry","category-design-de-museus-e-exposicoes"],"acf":[],"yoast_head":"<!-- This site is optimized with the Yoast SEO plugin v22.8 - https:\/\/yoast.com\/wordpress\/plugins\/seo\/ -->\n<title>COSTURA e SAPATOS - areas expositivas na exposi\u00e7\u00e3o D\u00d2ING | Luisa Pacheco Design<\/title>\n<meta name=\"description\" content=\"Cenografia e Design\u00a0-\u00a0Atelier Zer0  Coordena\u00e7\u00e3o e conte\u00fados\u00a0-\u00a0Pavilh\u00e3o do Conhecimento  Produ\u00e7\u00e3o\u00a0-\u00a0Eurostand\" \/>\n<meta name=\"robots\" content=\"index, follow, max-snippet:-1, max-image-preview:large, max-video-preview:-1\" \/>\n<link rel=\"canonical\" href=\"https:\/\/luisapacheco.pt\/pt-pt\/design-de-museus-e-exposicoes\/costura-e-sapatos-areas-expositivas-na-exposicao-doing\/\" \/>\n<meta property=\"og:locale\" content=\"pt_PT\" \/>\n<meta property=\"og:type\" content=\"article\" \/>\n<meta property=\"og:title\" content=\"COSTURA e SAPATOS - areas expositivas na exposi\u00e7\u00e3o D\u00d2ING | Luisa Pacheco Design\" \/>\n<meta property=\"og:description\" content=\"Cenografia e Design\u00a0-\u00a0Atelier Zer0  Coordena\u00e7\u00e3o e conte\u00fados\u00a0-\u00a0Pavilh\u00e3o do Conhecimento  Produ\u00e7\u00e3o\u00a0-\u00a0Eurostand\" \/>\n<meta property=\"og:url\" content=\"https:\/\/luisapacheco.pt\/pt-pt\/design-de-museus-e-exposicoes\/costura-e-sapatos-areas-expositivas-na-exposicao-doing\/\" \/>\n<meta property=\"og:site_name\" content=\"Luisa Pacheco Design\" \/>\n<meta property=\"article:published_time\" content=\"2022-03-03T21:17:23+00:00\" \/>\n<meta property=\"article:modified_time\" content=\"2024-06-17T19:26:31+00:00\" \/>\n<meta property=\"og:image\" content=\"https:\/\/luisapacheco.pt\/wp-content\/uploads\/2022\/03\/sewing-and-shoemaking-1.png\" \/>\n\t<meta property=\"og:image:width\" content=\"768\" \/>\n\t<meta property=\"og:image:height\" content=\"442\" \/>\n\t<meta property=\"og:image:type\" content=\"image\/png\" \/>\n<meta name=\"author\" content=\"master-admin\" \/>\n<meta name=\"twitter:card\" content=\"summary_large_image\" \/>\n<meta name=\"twitter:label1\" content=\"Escrito por\" \/>\n\t<meta name=\"twitter:data1\" content=\"master-admin\" \/>\n<script type=\"application\/ld+json\" class=\"yoast-schema-graph\">{\"@context\":\"https:\/\/schema.org\",\"@graph\":[{\"@type\":\"Article\",\"@id\":\"https:\/\/luisapacheco.pt\/pt-pt\/design-de-museus-e-exposicoes\/costura-e-sapatos-areas-expositivas-na-exposicao-doing\/#article\",\"isPartOf\":{\"@id\":\"https:\/\/luisapacheco.pt\/pt-pt\/design-de-museus-e-exposicoes\/costura-e-sapatos-areas-expositivas-na-exposicao-doing\/\"},\"author\":{\"name\":\"master-admin\",\"@id\":\"https:\/\/luisapacheco.pt\/pt-pt\/#\/schema\/person\/349242e8665cd0210fe8a88946473a0f\"},\"headline\":\"COSTURA e SAPATOS &#8211; areas expositivas na exposi\u00e7\u00e3o D\u00d2ING\",\"datePublished\":\"2022-03-03T21:17:23+00:00\",\"dateModified\":\"2024-06-17T19:26:31+00:00\",\"mainEntityOfPage\":{\"@id\":\"https:\/\/luisapacheco.pt\/pt-pt\/design-de-museus-e-exposicoes\/costura-e-sapatos-areas-expositivas-na-exposicao-doing\/\"},\"wordCount\":31,\"publisher\":{\"@id\":\"https:\/\/luisapacheco.pt\/pt-pt\/#\/schema\/person\/794f961dc515fcec47fa628e638a8034\"},\"image\":{\"@id\":\"https:\/\/luisapacheco.pt\/pt-pt\/design-de-museus-e-exposicoes\/costura-e-sapatos-areas-expositivas-na-exposicao-doing\/#primaryimage\"},\"thumbnailUrl\":\"https:\/\/luisapacheco.pt\/wp-content\/uploads\/2022\/03\/sewing-and-shoemaking-1.png\",\"articleSection\":[\"Design de Museus e Exposi\u00e7\u00f5es\"],\"inLanguage\":\"pt-PT\"},{\"@type\":\"WebPage\",\"@id\":\"https:\/\/luisapacheco.pt\/pt-pt\/design-de-museus-e-exposicoes\/costura-e-sapatos-areas-expositivas-na-exposicao-doing\/\",\"url\":\"https:\/\/luisapacheco.pt\/pt-pt\/design-de-museus-e-exposicoes\/costura-e-sapatos-areas-expositivas-na-exposicao-doing\/\",\"name\":\"COSTURA e SAPATOS - areas expositivas na exposi\u00e7\u00e3o D\u00d2ING | Luisa Pacheco Design\",\"isPartOf\":{\"@id\":\"https:\/\/luisapacheco.pt\/pt-pt\/#website\"},\"primaryImageOfPage\":{\"@id\":\"https:\/\/luisapacheco.pt\/pt-pt\/design-de-museus-e-exposicoes\/costura-e-sapatos-areas-expositivas-na-exposicao-doing\/#primaryimage\"},\"image\":{\"@id\":\"https:\/\/luisapacheco.pt\/pt-pt\/design-de-museus-e-exposicoes\/costura-e-sapatos-areas-expositivas-na-exposicao-doing\/#primaryimage\"},\"thumbnailUrl\":\"https:\/\/luisapacheco.pt\/wp-content\/uploads\/2022\/03\/sewing-and-shoemaking-1.png\",\"datePublished\":\"2022-03-03T21:17:23+00:00\",\"dateModified\":\"2024-06-17T19:26:31+00:00\",\"description\":\"Cenografia e Design\u00a0-\u00a0Atelier Zer0 Coordena\u00e7\u00e3o e conte\u00fados\u00a0-\u00a0Pavilh\u00e3o do Conhecimento Produ\u00e7\u00e3o\u00a0-\u00a0Eurostand\",\"breadcrumb\":{\"@id\":\"https:\/\/luisapacheco.pt\/pt-pt\/design-de-museus-e-exposicoes\/costura-e-sapatos-areas-expositivas-na-exposicao-doing\/#breadcrumb\"},\"inLanguage\":\"pt-PT\",\"potentialAction\":[{\"@type\":\"ReadAction\",\"target\":[\"https:\/\/luisapacheco.pt\/pt-pt\/design-de-museus-e-exposicoes\/costura-e-sapatos-areas-expositivas-na-exposicao-doing\/\"]}]},{\"@type\":\"ImageObject\",\"inLanguage\":\"pt-PT\",\"@id\":\"https:\/\/luisapacheco.pt\/pt-pt\/design-de-museus-e-exposicoes\/costura-e-sapatos-areas-expositivas-na-exposicao-doing\/#primaryimage\",\"url\":\"https:\/\/luisapacheco.pt\/wp-content\/uploads\/2022\/03\/sewing-and-shoemaking-1.png\",\"contentUrl\":\"https:\/\/luisapacheco.pt\/wp-content\/uploads\/2022\/03\/sewing-and-shoemaking-1.png\",\"width\":768,\"height\":442},{\"@type\":\"BreadcrumbList\",\"@id\":\"https:\/\/luisapacheco.pt\/pt-pt\/design-de-museus-e-exposicoes\/costura-e-sapatos-areas-expositivas-na-exposicao-doing\/#breadcrumb\",\"itemListElement\":[{\"@type\":\"ListItem\",\"position\":1,\"name\":\"Home\",\"item\":\"https:\/\/luisapacheco.pt\/pt-pt\/\"},{\"@type\":\"ListItem\",\"position\":2,\"name\":\"COSTURA e SAPATOS &#8211; areas expositivas na exposi\u00e7\u00e3o D\u00d2ING\"}]},{\"@type\":\"WebSite\",\"@id\":\"https:\/\/luisapacheco.pt\/pt-pt\/#website\",\"url\":\"https:\/\/luisapacheco.pt\/pt-pt\/\",\"name\":\"Luisa Pacheco Design\",\"description\":\"Design de produ\u00e7\u00e3o, direc\u00e7\u00e3o de arte, cenografia e projetos visuais\",\"publisher\":{\"@id\":\"https:\/\/luisapacheco.pt\/pt-pt\/#\/schema\/person\/794f961dc515fcec47fa628e638a8034\"},\"potentialAction\":[{\"@type\":\"SearchAction\",\"target\":{\"@type\":\"EntryPoint\",\"urlTemplate\":\"https:\/\/luisapacheco.pt\/pt-pt\/?s={search_term_string}\"},\"query-input\":\"required name=search_term_string\"}],\"inLanguage\":\"pt-PT\"},{\"@type\":[\"Person\",\"Organization\"],\"@id\":\"https:\/\/luisapacheco.pt\/pt-pt\/#\/schema\/person\/794f961dc515fcec47fa628e638a8034\",\"name\":\"luisapac\",\"image\":{\"@type\":\"ImageObject\",\"inLanguage\":\"pt-PT\",\"@id\":\"https:\/\/luisapacheco.pt\/pt-pt\/#\/schema\/person\/image\/\",\"url\":\"https:\/\/secure.gravatar.com\/avatar\/c53a96b87f331ae6ab440c25dbe3e2f6306522f2cbd9932e1e1e04dfc7154630?s=96&d=mm&r=g\",\"contentUrl\":\"https:\/\/secure.gravatar.com\/avatar\/c53a96b87f331ae6ab440c25dbe3e2f6306522f2cbd9932e1e1e04dfc7154630?s=96&d=mm&r=g\",\"caption\":\"luisapac\"},\"logo\":{\"@id\":\"https:\/\/luisapacheco.pt\/pt-pt\/#\/schema\/person\/image\/\"}},{\"@type\":\"Person\",\"@id\":\"https:\/\/luisapacheco.pt\/pt-pt\/#\/schema\/person\/349242e8665cd0210fe8a88946473a0f\",\"name\":\"master-admin\",\"image\":{\"@type\":\"ImageObject\",\"inLanguage\":\"pt-PT\",\"@id\":\"https:\/\/luisapacheco.pt\/pt-pt\/#\/schema\/person\/image\/\",\"url\":\"https:\/\/secure.gravatar.com\/avatar\/3c8d5e93728e165b3ae8a2658ebdc078f1e626d1bf41c79aa9e09828be9c87e6?s=96&d=mm&r=g\",\"contentUrl\":\"https:\/\/secure.gravatar.com\/avatar\/3c8d5e93728e165b3ae8a2658ebdc078f1e626d1bf41c79aa9e09828be9c87e6?s=96&d=mm&r=g\",\"caption\":\"master-admin\"}}]}<\/script>\n<!-- \/ Yoast SEO plugin. -->","yoast_head_json":{"title":"COSTURA e SAPATOS - areas expositivas na exposi\u00e7\u00e3o D\u00d2ING | Luisa Pacheco Design","description":"Cenografia e Design\u00a0-\u00a0Atelier Zer0  Coordena\u00e7\u00e3o e conte\u00fados\u00a0-\u00a0Pavilh\u00e3o do Conhecimento  Produ\u00e7\u00e3o\u00a0-\u00a0Eurostand","robots":{"index":"index","follow":"follow","max-snippet":"max-snippet:-1","max-image-preview":"max-image-preview:large","max-video-preview":"max-video-preview:-1"},"canonical":"https:\/\/luisapacheco.pt\/pt-pt\/design-de-museus-e-exposicoes\/costura-e-sapatos-areas-expositivas-na-exposicao-doing\/","og_locale":"pt_PT","og_type":"article","og_title":"COSTURA e SAPATOS - areas expositivas na exposi\u00e7\u00e3o D\u00d2ING | Luisa Pacheco Design","og_description":"Cenografia e Design\u00a0-\u00a0Atelier Zer0  Coordena\u00e7\u00e3o e conte\u00fados\u00a0-\u00a0Pavilh\u00e3o do Conhecimento  Produ\u00e7\u00e3o\u00a0-\u00a0Eurostand","og_url":"https:\/\/luisapacheco.pt\/pt-pt\/design-de-museus-e-exposicoes\/costura-e-sapatos-areas-expositivas-na-exposicao-doing\/","og_site_name":"Luisa Pacheco Design","article_published_time":"2022-03-03T21:17:23+00:00","article_modified_time":"2024-06-17T19:26:31+00:00","og_image":[{"width":768,"height":442,"url":"https:\/\/luisapacheco.pt\/wp-content\/uploads\/2022\/03\/sewing-and-shoemaking-1.png","type":"image\/png"}],"author":"master-admin","twitter_card":"summary_large_image","twitter_misc":{"Escrito por":"master-admin"},"schema":{"@context":"https:\/\/schema.org","@graph":[{"@type":"Article","@id":"https:\/\/luisapacheco.pt\/pt-pt\/design-de-museus-e-exposicoes\/costura-e-sapatos-areas-expositivas-na-exposicao-doing\/#article","isPartOf":{"@id":"https:\/\/luisapacheco.pt\/pt-pt\/design-de-museus-e-exposicoes\/costura-e-sapatos-areas-expositivas-na-exposicao-doing\/"},"author":{"name":"master-admin","@id":"https:\/\/luisapacheco.pt\/pt-pt\/#\/schema\/person\/349242e8665cd0210fe8a88946473a0f"},"headline":"COSTURA e SAPATOS &#8211; areas expositivas na exposi\u00e7\u00e3o D\u00d2ING","datePublished":"2022-03-03T21:17:23+00:00","dateModified":"2024-06-17T19:26:31+00:00","mainEntityOfPage":{"@id":"https:\/\/luisapacheco.pt\/pt-pt\/design-de-museus-e-exposicoes\/costura-e-sapatos-areas-expositivas-na-exposicao-doing\/"},"wordCount":31,"publisher":{"@id":"https:\/\/luisapacheco.pt\/pt-pt\/#\/schema\/person\/794f961dc515fcec47fa628e638a8034"},"image":{"@id":"https:\/\/luisapacheco.pt\/pt-pt\/design-de-museus-e-exposicoes\/costura-e-sapatos-areas-expositivas-na-exposicao-doing\/#primaryimage"},"thumbnailUrl":"https:\/\/luisapacheco.pt\/wp-content\/uploads\/2022\/03\/sewing-and-shoemaking-1.png","articleSection":["Design de Museus e Exposi\u00e7\u00f5es"],"inLanguage":"pt-PT"},{"@type":"WebPage","@id":"https:\/\/luisapacheco.pt\/pt-pt\/design-de-museus-e-exposicoes\/costura-e-sapatos-areas-expositivas-na-exposicao-doing\/","url":"https:\/\/luisapacheco.pt\/pt-pt\/design-de-museus-e-exposicoes\/costura-e-sapatos-areas-expositivas-na-exposicao-doing\/","name":"COSTURA e SAPATOS - areas expositivas na exposi\u00e7\u00e3o D\u00d2ING | Luisa Pacheco Design","isPartOf":{"@id":"https:\/\/luisapacheco.pt\/pt-pt\/#website"},"primaryImageOfPage":{"@id":"https:\/\/luisapacheco.pt\/pt-pt\/design-de-museus-e-exposicoes\/costura-e-sapatos-areas-expositivas-na-exposicao-doing\/#primaryimage"},"image":{"@id":"https:\/\/luisapacheco.pt\/pt-pt\/design-de-museus-e-exposicoes\/costura-e-sapatos-areas-expositivas-na-exposicao-doing\/#primaryimage"},"thumbnailUrl":"https:\/\/luisapacheco.pt\/wp-content\/uploads\/2022\/03\/sewing-and-shoemaking-1.png","datePublished":"2022-03-03T21:17:23+00:00","dateModified":"2024-06-17T19:26:31+00:00","description":"Cenografia e Design\u00a0-\u00a0Atelier Zer0 Coordena\u00e7\u00e3o e conte\u00fados\u00a0-\u00a0Pavilh\u00e3o do Conhecimento Produ\u00e7\u00e3o\u00a0-\u00a0Eurostand","breadcrumb":{"@id":"https:\/\/luisapacheco.pt\/pt-pt\/design-de-museus-e-exposicoes\/costura-e-sapatos-areas-expositivas-na-exposicao-doing\/#breadcrumb"},"inLanguage":"pt-PT","potentialAction":[{"@type":"ReadAction","target":["https:\/\/luisapacheco.pt\/pt-pt\/design-de-museus-e-exposicoes\/costura-e-sapatos-areas-expositivas-na-exposicao-doing\/"]}]},{"@type":"ImageObject","inLanguage":"pt-PT","@id":"https:\/\/luisapacheco.pt\/pt-pt\/design-de-museus-e-exposicoes\/costura-e-sapatos-areas-expositivas-na-exposicao-doing\/#primaryimage","url":"https:\/\/luisapacheco.pt\/wp-content\/uploads\/2022\/03\/sewing-and-shoemaking-1.png","contentUrl":"https:\/\/luisapacheco.pt\/wp-content\/uploads\/2022\/03\/sewing-and-shoemaking-1.png","width":768,"height":442},{"@type":"BreadcrumbList","@id":"https:\/\/luisapacheco.pt\/pt-pt\/design-de-museus-e-exposicoes\/costura-e-sapatos-areas-expositivas-na-exposicao-doing\/#breadcrumb","itemListElement":[{"@type":"ListItem","position":1,"name":"Home","item":"https:\/\/luisapacheco.pt\/pt-pt\/"},{"@type":"ListItem","position":2,"name":"COSTURA e SAPATOS &#8211; areas expositivas na exposi\u00e7\u00e3o D\u00d2ING"}]},{"@type":"WebSite","@id":"https:\/\/luisapacheco.pt\/pt-pt\/#website","url":"https:\/\/luisapacheco.pt\/pt-pt\/","name":"Luisa Pacheco Design","description":"Design de produ\u00e7\u00e3o, direc\u00e7\u00e3o de arte, cenografia e projetos visuais","publisher":{"@id":"https:\/\/luisapacheco.pt\/pt-pt\/#\/schema\/person\/794f961dc515fcec47fa628e638a8034"},"potentialAction":[{"@type":"SearchAction","target":{"@type":"EntryPoint","urlTemplate":"https:\/\/luisapacheco.pt\/pt-pt\/?s={search_term_string}"},"query-input":"required name=search_term_string"}],"inLanguage":"pt-PT"},{"@type":["Person","Organization"],"@id":"https:\/\/luisapacheco.pt\/pt-pt\/#\/schema\/person\/794f961dc515fcec47fa628e638a8034","name":"luisapac","image":{"@type":"ImageObject","inLanguage":"pt-PT","@id":"https:\/\/luisapacheco.pt\/pt-pt\/#\/schema\/person\/image\/","url":"https:\/\/secure.gravatar.com\/avatar\/c53a96b87f331ae6ab440c25dbe3e2f6306522f2cbd9932e1e1e04dfc7154630?s=96&d=mm&r=g","contentUrl":"https:\/\/secure.gravatar.com\/avatar\/c53a96b87f331ae6ab440c25dbe3e2f6306522f2cbd9932e1e1e04dfc7154630?s=96&d=mm&r=g","caption":"luisapac"},"logo":{"@id":"https:\/\/luisapacheco.pt\/pt-pt\/#\/schema\/person\/image\/"}},{"@type":"Person","@id":"https:\/\/luisapacheco.pt\/pt-pt\/#\/schema\/person\/349242e8665cd0210fe8a88946473a0f","name":"master-admin","image":{"@type":"ImageObject","inLanguage":"pt-PT","@id":"https:\/\/luisapacheco.pt\/pt-pt\/#\/schema\/person\/image\/","url":"https:\/\/secure.gravatar.com\/avatar\/3c8d5e93728e165b3ae8a2658ebdc078f1e626d1bf41c79aa9e09828be9c87e6?s=96&d=mm&r=g","contentUrl":"https:\/\/secure.gravatar.com\/avatar\/3c8d5e93728e165b3ae8a2658ebdc078f1e626d1bf41c79aa9e09828be9c87e6?s=96&d=mm&r=g","caption":"master-admin"}}]}},"_links":{"self":[{"href":"https:\/\/luisapacheco.pt\/pt-pt\/wp-json\/wp\/v2\/posts\/2028","targetHints":{"allow":["GET"]}}],"collection":[{"href":"https:\/\/luisapacheco.pt\/pt-pt\/wp-json\/wp\/v2\/posts"}],"about":[{"href":"https:\/\/luisapacheco.pt\/pt-pt\/wp-json\/wp\/v2\/types\/post"}],"author":[{"embeddable":true,"href":"https:\/\/luisapacheco.pt\/pt-pt\/wp-json\/wp\/v2\/users\/1"}],"replies":[{"embeddable":true,"href":"https:\/\/luisapacheco.pt\/pt-pt\/wp-json\/wp\/v2\/comments?post=2028"}],"version-history":[{"count":4,"href":"https:\/\/luisapacheco.pt\/pt-pt\/wp-json\/wp\/v2\/posts\/2028\/revisions"}],"predecessor-version":[{"id":2054,"href":"https:\/\/luisapacheco.pt\/pt-pt\/wp-json\/wp\/v2\/posts\/2028\/revisions\/2054"}],"wp:featuredmedia":[{"embeddable":true,"href":"https:\/\/luisapacheco.pt\/pt-pt\/wp-json\/wp\/v2\/media\/1758"}],"wp:attachment":[{"href":"https:\/\/luisapacheco.pt\/pt-pt\/wp-json\/wp\/v2\/media?parent=2028"}],"wp:term":[{"taxonomy":"category","embeddable":true,"href":"https:\/\/luisapacheco.pt\/pt-pt\/wp-json\/wp\/v2\/categories?post=2028"},{"taxonomy":"post_tag","embeddable":true,"href":"https:\/\/luisapacheco.pt\/pt-pt\/wp-json\/wp\/v2\/tags?post=2028"}],"curies":[{"name":"wp","href":"https:\/\/api.w.org\/{rel}","templated":true}]}}