{"id":1918,"date":"2022-02-26T23:45:09","date_gmt":"2022-02-26T23:45:09","guid":{"rendered":"https:\/\/luisapacheco.pt\/creative-direction-of-the-design-of-the-touchscreens-project-coaches-museum\/"},"modified":"2024-06-17T20:26:30","modified_gmt":"2024-06-17T19:26:30","slug":"direccao-creativa-do-projecto-de-design-dos-interativos-museu-dos-coches","status":"publish","type":"post","link":"https:\/\/luisapacheco.pt\/pt-pt\/design-de-museus-e-exposicoes\/direccao-creativa-do-projecto-de-design-dos-interativos-museu-dos-coches\/","title":{"rendered":"Design dos Interativos &#8211; Museu dos Coches"},"content":{"rendered":"<ul>\n<li>Directora Criativa\u00a0&#8211;\u00a0Lu\u00edsa Pacheco<\/li>\n<li>Designers Gr\u00e1ficos\u00a0&#8211;\u00a0Marta Anjos and Lu\u00eds Alexandre<\/li>\n<li>Ilustrador\u00a0&#8211;\u00a0Daniel Lima<\/li>\n<li>Programa\u00e7\u00e3o\u00a0&#8211;\u00a0TOMI<\/li>\n<\/ul>\n","protected":false},"excerpt":{"rendered":"<p>Directora Criativa\u00a0&#8211;\u00a0Lu\u00edsa Pacheco Designers Gr\u00e1ficos\u00a0&#8211;\u00a0Marta Anjos and Lu\u00eds Alexandre Ilustrador\u00a0&#8211;\u00a0Daniel Lima Programa\u00e7\u00e3o\u00a0&#8211;\u00a0TOMI<\/p>\n","protected":false},"author":1,"featured_media":1590,"comment_status":"closed","ping_status":"open","sticky":false,"template":"","format":"standard","meta":{"_acf_changed":false,"footnotes":""},"categories":[19],"tags":[],"class_list":["post-1918","post","type-post","status-publish","format-standard","has-post-thumbnail","hentry","category-design-de-museus-e-exposicoes"],"acf":[],"yoast_head":"<!-- This site is optimized with the Yoast SEO plugin v22.8 - https:\/\/yoast.com\/wordpress\/plugins\/seo\/ -->\n<title>Design dos Interativos - Museu dos Coches | Luisa Pacheco Design<\/title>\n<meta name=\"description\" content=\"Directora Criativa\u00a0-\u00a0Lu\u00edsa Pacheco  Designers Gr\u00e1ficos\u00a0-\u00a0Marta Anjos and Lu\u00eds Alexandre  Ilustrador\u00a0-\u00a0Daniel Lima  Programa\u00e7\u00e3o\u00a0-\u00a0TOMI\" \/>\n<meta name=\"robots\" content=\"index, follow, max-snippet:-1, max-image-preview:large, max-video-preview:-1\" \/>\n<link rel=\"canonical\" href=\"https:\/\/luisapacheco.pt\/pt-pt\/design-de-museus-e-exposicoes\/direccao-creativa-do-projecto-de-design-dos-interativos-museu-dos-coches\/\" \/>\n<meta property=\"og:locale\" content=\"pt_PT\" \/>\n<meta property=\"og:type\" content=\"article\" \/>\n<meta property=\"og:title\" content=\"Design dos Interativos - Museu dos Coches | Luisa Pacheco Design\" \/>\n<meta property=\"og:description\" content=\"Directora Criativa\u00a0-\u00a0Lu\u00edsa Pacheco  Designers Gr\u00e1ficos\u00a0-\u00a0Marta Anjos and Lu\u00eds Alexandre  Ilustrador\u00a0-\u00a0Daniel Lima  Programa\u00e7\u00e3o\u00a0-\u00a0TOMI\" \/>\n<meta property=\"og:url\" content=\"https:\/\/luisapacheco.pt\/pt-pt\/design-de-museus-e-exposicoes\/direccao-creativa-do-projecto-de-design-dos-interativos-museu-dos-coches\/\" \/>\n<meta property=\"og:site_name\" content=\"Luisa Pacheco Design\" \/>\n<meta property=\"article:published_time\" content=\"2022-02-26T23:45:09+00:00\" \/>\n<meta property=\"article:modified_time\" content=\"2024-06-17T19:26:30+00:00\" \/>\n<meta property=\"og:image\" content=\"https:\/\/luisapacheco.pt\/wp-content\/uploads\/2022\/02\/touchscreens-coaches-2.jpg\" \/>\n\t<meta property=\"og:image:width\" content=\"992\" \/>\n\t<meta property=\"og:image:height\" content=\"558\" \/>\n\t<meta property=\"og:image:type\" content=\"image\/jpeg\" \/>\n<meta name=\"author\" content=\"master-admin\" \/>\n<meta name=\"twitter:card\" content=\"summary_large_image\" \/>\n<meta name=\"twitter:label1\" content=\"Escrito por\" \/>\n\t<meta name=\"twitter:data1\" content=\"master-admin\" \/>\n<script type=\"application\/ld+json\" class=\"yoast-schema-graph\">{\"@context\":\"https:\/\/schema.org\",\"@graph\":[{\"@type\":\"Article\",\"@id\":\"https:\/\/luisapacheco.pt\/pt-pt\/design-de-museus-e-exposicoes\/direccao-creativa-do-projecto-de-design-dos-interativos-museu-dos-coches\/#article\",\"isPartOf\":{\"@id\":\"https:\/\/luisapacheco.pt\/pt-pt\/design-de-museus-e-exposicoes\/direccao-creativa-do-projecto-de-design-dos-interativos-museu-dos-coches\/\"},\"author\":{\"name\":\"master-admin\",\"@id\":\"https:\/\/luisapacheco.pt\/pt-pt\/#\/schema\/person\/349242e8665cd0210fe8a88946473a0f\"},\"headline\":\"Design dos Interativos &#8211; Museu dos Coches\",\"datePublished\":\"2022-02-26T23:45:09+00:00\",\"dateModified\":\"2024-06-17T19:26:30+00:00\",\"mainEntityOfPage\":{\"@id\":\"https:\/\/luisapacheco.pt\/pt-pt\/design-de-museus-e-exposicoes\/direccao-creativa-do-projecto-de-design-dos-interativos-museu-dos-coches\/\"},\"wordCount\":31,\"publisher\":{\"@id\":\"https:\/\/luisapacheco.pt\/pt-pt\/#\/schema\/person\/794f961dc515fcec47fa628e638a8034\"},\"image\":{\"@id\":\"https:\/\/luisapacheco.pt\/pt-pt\/design-de-museus-e-exposicoes\/direccao-creativa-do-projecto-de-design-dos-interativos-museu-dos-coches\/#primaryimage\"},\"thumbnailUrl\":\"https:\/\/luisapacheco.pt\/wp-content\/uploads\/2022\/02\/touchscreens-coaches-2.jpg\",\"articleSection\":[\"Design de Museus e Exposi\u00e7\u00f5es\"],\"inLanguage\":\"pt-PT\"},{\"@type\":\"WebPage\",\"@id\":\"https:\/\/luisapacheco.pt\/pt-pt\/design-de-museus-e-exposicoes\/direccao-creativa-do-projecto-de-design-dos-interativos-museu-dos-coches\/\",\"url\":\"https:\/\/luisapacheco.pt\/pt-pt\/design-de-museus-e-exposicoes\/direccao-creativa-do-projecto-de-design-dos-interativos-museu-dos-coches\/\",\"name\":\"Design dos Interativos - Museu dos Coches | Luisa Pacheco Design\",\"isPartOf\":{\"@id\":\"https:\/\/luisapacheco.pt\/pt-pt\/#website\"},\"primaryImageOfPage\":{\"@id\":\"https:\/\/luisapacheco.pt\/pt-pt\/design-de-museus-e-exposicoes\/direccao-creativa-do-projecto-de-design-dos-interativos-museu-dos-coches\/#primaryimage\"},\"image\":{\"@id\":\"https:\/\/luisapacheco.pt\/pt-pt\/design-de-museus-e-exposicoes\/direccao-creativa-do-projecto-de-design-dos-interativos-museu-dos-coches\/#primaryimage\"},\"thumbnailUrl\":\"https:\/\/luisapacheco.pt\/wp-content\/uploads\/2022\/02\/touchscreens-coaches-2.jpg\",\"datePublished\":\"2022-02-26T23:45:09+00:00\",\"dateModified\":\"2024-06-17T19:26:30+00:00\",\"description\":\"Directora Criativa\u00a0-\u00a0Lu\u00edsa Pacheco Designers Gr\u00e1ficos\u00a0-\u00a0Marta Anjos and Lu\u00eds Alexandre Ilustrador\u00a0-\u00a0Daniel Lima Programa\u00e7\u00e3o\u00a0-\u00a0TOMI\",\"breadcrumb\":{\"@id\":\"https:\/\/luisapacheco.pt\/pt-pt\/design-de-museus-e-exposicoes\/direccao-creativa-do-projecto-de-design-dos-interativos-museu-dos-coches\/#breadcrumb\"},\"inLanguage\":\"pt-PT\",\"potentialAction\":[{\"@type\":\"ReadAction\",\"target\":[\"https:\/\/luisapacheco.pt\/pt-pt\/design-de-museus-e-exposicoes\/direccao-creativa-do-projecto-de-design-dos-interativos-museu-dos-coches\/\"]}]},{\"@type\":\"ImageObject\",\"inLanguage\":\"pt-PT\",\"@id\":\"https:\/\/luisapacheco.pt\/pt-pt\/design-de-museus-e-exposicoes\/direccao-creativa-do-projecto-de-design-dos-interativos-museu-dos-coches\/#primaryimage\",\"url\":\"https:\/\/luisapacheco.pt\/wp-content\/uploads\/2022\/02\/touchscreens-coaches-2.jpg\",\"contentUrl\":\"https:\/\/luisapacheco.pt\/wp-content\/uploads\/2022\/02\/touchscreens-coaches-2.jpg\",\"width\":992,\"height\":558},{\"@type\":\"BreadcrumbList\",\"@id\":\"https:\/\/luisapacheco.pt\/pt-pt\/design-de-museus-e-exposicoes\/direccao-creativa-do-projecto-de-design-dos-interativos-museu-dos-coches\/#breadcrumb\",\"itemListElement\":[{\"@type\":\"ListItem\",\"position\":1,\"name\":\"Home\",\"item\":\"https:\/\/luisapacheco.pt\/pt-pt\/\"},{\"@type\":\"ListItem\",\"position\":2,\"name\":\"Design dos Interativos &#8211; Museu dos Coches\"}]},{\"@type\":\"WebSite\",\"@id\":\"https:\/\/luisapacheco.pt\/pt-pt\/#website\",\"url\":\"https:\/\/luisapacheco.pt\/pt-pt\/\",\"name\":\"Luisa Pacheco Design\",\"description\":\"Design de produ\u00e7\u00e3o, direc\u00e7\u00e3o de arte, cenografia e projetos visuais\",\"publisher\":{\"@id\":\"https:\/\/luisapacheco.pt\/pt-pt\/#\/schema\/person\/794f961dc515fcec47fa628e638a8034\"},\"potentialAction\":[{\"@type\":\"SearchAction\",\"target\":{\"@type\":\"EntryPoint\",\"urlTemplate\":\"https:\/\/luisapacheco.pt\/pt-pt\/?s={search_term_string}\"},\"query-input\":\"required name=search_term_string\"}],\"inLanguage\":\"pt-PT\"},{\"@type\":[\"Person\",\"Organization\"],\"@id\":\"https:\/\/luisapacheco.pt\/pt-pt\/#\/schema\/person\/794f961dc515fcec47fa628e638a8034\",\"name\":\"luisapac\",\"image\":{\"@type\":\"ImageObject\",\"inLanguage\":\"pt-PT\",\"@id\":\"https:\/\/luisapacheco.pt\/pt-pt\/#\/schema\/person\/image\/\",\"url\":\"https:\/\/secure.gravatar.com\/avatar\/c53a96b87f331ae6ab440c25dbe3e2f6306522f2cbd9932e1e1e04dfc7154630?s=96&d=mm&r=g\",\"contentUrl\":\"https:\/\/secure.gravatar.com\/avatar\/c53a96b87f331ae6ab440c25dbe3e2f6306522f2cbd9932e1e1e04dfc7154630?s=96&d=mm&r=g\",\"caption\":\"luisapac\"},\"logo\":{\"@id\":\"https:\/\/luisapacheco.pt\/pt-pt\/#\/schema\/person\/image\/\"}},{\"@type\":\"Person\",\"@id\":\"https:\/\/luisapacheco.pt\/pt-pt\/#\/schema\/person\/349242e8665cd0210fe8a88946473a0f\",\"name\":\"master-admin\",\"image\":{\"@type\":\"ImageObject\",\"inLanguage\":\"pt-PT\",\"@id\":\"https:\/\/luisapacheco.pt\/pt-pt\/#\/schema\/person\/image\/\",\"url\":\"https:\/\/secure.gravatar.com\/avatar\/3c8d5e93728e165b3ae8a2658ebdc078f1e626d1bf41c79aa9e09828be9c87e6?s=96&d=mm&r=g\",\"contentUrl\":\"https:\/\/secure.gravatar.com\/avatar\/3c8d5e93728e165b3ae8a2658ebdc078f1e626d1bf41c79aa9e09828be9c87e6?s=96&d=mm&r=g\",\"caption\":\"master-admin\"}}]}<\/script>\n<!-- \/ Yoast SEO plugin. -->","yoast_head_json":{"title":"Design dos Interativos - Museu dos Coches | Luisa Pacheco Design","description":"Directora Criativa\u00a0-\u00a0Lu\u00edsa Pacheco  Designers Gr\u00e1ficos\u00a0-\u00a0Marta Anjos and Lu\u00eds Alexandre  Ilustrador\u00a0-\u00a0Daniel Lima  Programa\u00e7\u00e3o\u00a0-\u00a0TOMI","robots":{"index":"index","follow":"follow","max-snippet":"max-snippet:-1","max-image-preview":"max-image-preview:large","max-video-preview":"max-video-preview:-1"},"canonical":"https:\/\/luisapacheco.pt\/pt-pt\/design-de-museus-e-exposicoes\/direccao-creativa-do-projecto-de-design-dos-interativos-museu-dos-coches\/","og_locale":"pt_PT","og_type":"article","og_title":"Design dos Interativos - Museu dos Coches | Luisa Pacheco Design","og_description":"Directora Criativa\u00a0-\u00a0Lu\u00edsa Pacheco  Designers Gr\u00e1ficos\u00a0-\u00a0Marta Anjos and Lu\u00eds Alexandre  Ilustrador\u00a0-\u00a0Daniel Lima  Programa\u00e7\u00e3o\u00a0-\u00a0TOMI","og_url":"https:\/\/luisapacheco.pt\/pt-pt\/design-de-museus-e-exposicoes\/direccao-creativa-do-projecto-de-design-dos-interativos-museu-dos-coches\/","og_site_name":"Luisa Pacheco Design","article_published_time":"2022-02-26T23:45:09+00:00","article_modified_time":"2024-06-17T19:26:30+00:00","og_image":[{"width":992,"height":558,"url":"https:\/\/luisapacheco.pt\/wp-content\/uploads\/2022\/02\/touchscreens-coaches-2.jpg","type":"image\/jpeg"}],"author":"master-admin","twitter_card":"summary_large_image","twitter_misc":{"Escrito por":"master-admin"},"schema":{"@context":"https:\/\/schema.org","@graph":[{"@type":"Article","@id":"https:\/\/luisapacheco.pt\/pt-pt\/design-de-museus-e-exposicoes\/direccao-creativa-do-projecto-de-design-dos-interativos-museu-dos-coches\/#article","isPartOf":{"@id":"https:\/\/luisapacheco.pt\/pt-pt\/design-de-museus-e-exposicoes\/direccao-creativa-do-projecto-de-design-dos-interativos-museu-dos-coches\/"},"author":{"name":"master-admin","@id":"https:\/\/luisapacheco.pt\/pt-pt\/#\/schema\/person\/349242e8665cd0210fe8a88946473a0f"},"headline":"Design dos Interativos &#8211; Museu dos Coches","datePublished":"2022-02-26T23:45:09+00:00","dateModified":"2024-06-17T19:26:30+00:00","mainEntityOfPage":{"@id":"https:\/\/luisapacheco.pt\/pt-pt\/design-de-museus-e-exposicoes\/direccao-creativa-do-projecto-de-design-dos-interativos-museu-dos-coches\/"},"wordCount":31,"publisher":{"@id":"https:\/\/luisapacheco.pt\/pt-pt\/#\/schema\/person\/794f961dc515fcec47fa628e638a8034"},"image":{"@id":"https:\/\/luisapacheco.pt\/pt-pt\/design-de-museus-e-exposicoes\/direccao-creativa-do-projecto-de-design-dos-interativos-museu-dos-coches\/#primaryimage"},"thumbnailUrl":"https:\/\/luisapacheco.pt\/wp-content\/uploads\/2022\/02\/touchscreens-coaches-2.jpg","articleSection":["Design de Museus e Exposi\u00e7\u00f5es"],"inLanguage":"pt-PT"},{"@type":"WebPage","@id":"https:\/\/luisapacheco.pt\/pt-pt\/design-de-museus-e-exposicoes\/direccao-creativa-do-projecto-de-design-dos-interativos-museu-dos-coches\/","url":"https:\/\/luisapacheco.pt\/pt-pt\/design-de-museus-e-exposicoes\/direccao-creativa-do-projecto-de-design-dos-interativos-museu-dos-coches\/","name":"Design dos Interativos - Museu dos Coches | Luisa Pacheco Design","isPartOf":{"@id":"https:\/\/luisapacheco.pt\/pt-pt\/#website"},"primaryImageOfPage":{"@id":"https:\/\/luisapacheco.pt\/pt-pt\/design-de-museus-e-exposicoes\/direccao-creativa-do-projecto-de-design-dos-interativos-museu-dos-coches\/#primaryimage"},"image":{"@id":"https:\/\/luisapacheco.pt\/pt-pt\/design-de-museus-e-exposicoes\/direccao-creativa-do-projecto-de-design-dos-interativos-museu-dos-coches\/#primaryimage"},"thumbnailUrl":"https:\/\/luisapacheco.pt\/wp-content\/uploads\/2022\/02\/touchscreens-coaches-2.jpg","datePublished":"2022-02-26T23:45:09+00:00","dateModified":"2024-06-17T19:26:30+00:00","description":"Directora Criativa\u00a0-\u00a0Lu\u00edsa Pacheco Designers Gr\u00e1ficos\u00a0-\u00a0Marta Anjos and Lu\u00eds Alexandre Ilustrador\u00a0-\u00a0Daniel Lima Programa\u00e7\u00e3o\u00a0-\u00a0TOMI","breadcrumb":{"@id":"https:\/\/luisapacheco.pt\/pt-pt\/design-de-museus-e-exposicoes\/direccao-creativa-do-projecto-de-design-dos-interativos-museu-dos-coches\/#breadcrumb"},"inLanguage":"pt-PT","potentialAction":[{"@type":"ReadAction","target":["https:\/\/luisapacheco.pt\/pt-pt\/design-de-museus-e-exposicoes\/direccao-creativa-do-projecto-de-design-dos-interativos-museu-dos-coches\/"]}]},{"@type":"ImageObject","inLanguage":"pt-PT","@id":"https:\/\/luisapacheco.pt\/pt-pt\/design-de-museus-e-exposicoes\/direccao-creativa-do-projecto-de-design-dos-interativos-museu-dos-coches\/#primaryimage","url":"https:\/\/luisapacheco.pt\/wp-content\/uploads\/2022\/02\/touchscreens-coaches-2.jpg","contentUrl":"https:\/\/luisapacheco.pt\/wp-content\/uploads\/2022\/02\/touchscreens-coaches-2.jpg","width":992,"height":558},{"@type":"BreadcrumbList","@id":"https:\/\/luisapacheco.pt\/pt-pt\/design-de-museus-e-exposicoes\/direccao-creativa-do-projecto-de-design-dos-interativos-museu-dos-coches\/#breadcrumb","itemListElement":[{"@type":"ListItem","position":1,"name":"Home","item":"https:\/\/luisapacheco.pt\/pt-pt\/"},{"@type":"ListItem","position":2,"name":"Design dos Interativos &#8211; Museu dos Coches"}]},{"@type":"WebSite","@id":"https:\/\/luisapacheco.pt\/pt-pt\/#website","url":"https:\/\/luisapacheco.pt\/pt-pt\/","name":"Luisa Pacheco Design","description":"Design de produ\u00e7\u00e3o, direc\u00e7\u00e3o de arte, cenografia e projetos visuais","publisher":{"@id":"https:\/\/luisapacheco.pt\/pt-pt\/#\/schema\/person\/794f961dc515fcec47fa628e638a8034"},"potentialAction":[{"@type":"SearchAction","target":{"@type":"EntryPoint","urlTemplate":"https:\/\/luisapacheco.pt\/pt-pt\/?s={search_term_string}"},"query-input":"required name=search_term_string"}],"inLanguage":"pt-PT"},{"@type":["Person","Organization"],"@id":"https:\/\/luisapacheco.pt\/pt-pt\/#\/schema\/person\/794f961dc515fcec47fa628e638a8034","name":"luisapac","image":{"@type":"ImageObject","inLanguage":"pt-PT","@id":"https:\/\/luisapacheco.pt\/pt-pt\/#\/schema\/person\/image\/","url":"https:\/\/secure.gravatar.com\/avatar\/c53a96b87f331ae6ab440c25dbe3e2f6306522f2cbd9932e1e1e04dfc7154630?s=96&d=mm&r=g","contentUrl":"https:\/\/secure.gravatar.com\/avatar\/c53a96b87f331ae6ab440c25dbe3e2f6306522f2cbd9932e1e1e04dfc7154630?s=96&d=mm&r=g","caption":"luisapac"},"logo":{"@id":"https:\/\/luisapacheco.pt\/pt-pt\/#\/schema\/person\/image\/"}},{"@type":"Person","@id":"https:\/\/luisapacheco.pt\/pt-pt\/#\/schema\/person\/349242e8665cd0210fe8a88946473a0f","name":"master-admin","image":{"@type":"ImageObject","inLanguage":"pt-PT","@id":"https:\/\/luisapacheco.pt\/pt-pt\/#\/schema\/person\/image\/","url":"https:\/\/secure.gravatar.com\/avatar\/3c8d5e93728e165b3ae8a2658ebdc078f1e626d1bf41c79aa9e09828be9c87e6?s=96&d=mm&r=g","contentUrl":"https:\/\/secure.gravatar.com\/avatar\/3c8d5e93728e165b3ae8a2658ebdc078f1e626d1bf41c79aa9e09828be9c87e6?s=96&d=mm&r=g","caption":"master-admin"}}]}},"_links":{"self":[{"href":"https:\/\/luisapacheco.pt\/pt-pt\/wp-json\/wp\/v2\/posts\/1918","targetHints":{"allow":["GET"]}}],"collection":[{"href":"https:\/\/luisapacheco.pt\/pt-pt\/wp-json\/wp\/v2\/posts"}],"about":[{"href":"https:\/\/luisapacheco.pt\/pt-pt\/wp-json\/wp\/v2\/types\/post"}],"author":[{"embeddable":true,"href":"https:\/\/luisapacheco.pt\/pt-pt\/wp-json\/wp\/v2\/users\/1"}],"replies":[{"embeddable":true,"href":"https:\/\/luisapacheco.pt\/pt-pt\/wp-json\/wp\/v2\/comments?post=1918"}],"version-history":[{"count":5,"href":"https:\/\/luisapacheco.pt\/pt-pt\/wp-json\/wp\/v2\/posts\/1918\/revisions"}],"predecessor-version":[{"id":2219,"href":"https:\/\/luisapacheco.pt\/pt-pt\/wp-json\/wp\/v2\/posts\/1918\/revisions\/2219"}],"wp:featuredmedia":[{"embeddable":true,"href":"https:\/\/luisapacheco.pt\/pt-pt\/wp-json\/wp\/v2\/media\/1590"}],"wp:attachment":[{"href":"https:\/\/luisapacheco.pt\/pt-pt\/wp-json\/wp\/v2\/media?parent=1918"}],"wp:term":[{"taxonomy":"category","embeddable":true,"href":"https:\/\/luisapacheco.pt\/pt-pt\/wp-json\/wp\/v2\/categories?post=1918"},{"taxonomy":"post_tag","embeddable":true,"href":"https:\/\/luisapacheco.pt\/pt-pt\/wp-json\/wp\/v2\/tags?post=1918"}],"curies":[{"name":"wp","href":"https:\/\/api.w.org\/{rel}","templated":true}]}}